{"id":600,"date":"2021-04-24T21:09:16","date_gmt":"2021-04-24T19:09:16","guid":{"rendered":"http:\/\/kirche-eldingen.de\/?p=600"},"modified":"2021-04-24T21:09:16","modified_gmt":"2021-04-24T19:09:16","slug":"predigt-zum-mitnehmen-fuer-zuhause-von-norbert-schwarz-jubilate-25-04-2021","status":"publish","type":"post","link":"http:\/\/kirche-eldingen.de\/?p=600","title":{"rendered":"Predigt zum Mitnehmen f\u00fcr Zuhause von Norbert Schwarz, Jubilate, 25.04.2021"},"content":{"rendered":"\n<div class=\"wp-block-file\"><a href=\"http:\/\/kirche-eldingen.de\/wp-content\/uploads\/2021\/04\/2021-04-25-Joh-15-Jubilate-21_fuer-zuhause.pdf\">2021-04-25 Joh 15-Jubilate-21_f\u00fcr-zuhause<\/a><a href=\"http:\/\/kirche-eldingen.de\/wp-content\/uploads\/2021\/04\/2021-04-25-Joh-15-Jubilate-21_fuer-zuhause.pdf\" class=\"wp-block-file__button\" download>Herunterladen<\/a><\/div>\n","protected":false},"excerpt":{"rendered":"<p>Liebe Gemeinde!<br \/>\nDass es das letzte Treffen mit ihm war, wussten alle. Er hatte oft davon gesprochen, dass seine Stunde kommen w\u00fcrde und jetzt war es soweit. Sp\u00e4t war es geworden, einer der J\u00fcnger schenkte vielleicht noch den letzten Rest Wein in die Becher. Und als Jesus sich erhob, um ein letztes Mal zu ihnen zu sprechen, wurde es mucksm\u00e4uschenstill im Raum. Manch einer in der Runde dachte in diesem Augenblick vielleicht an die Lehre seiner V\u00e4ter: Die Worte eines Todgeweihten haben bleibende G\u00fcltigkeit, sagte man&#8230;.<\/p>\n","protected":false},"author":2,"featured_media":0,"comment_status":"closed","ping_status":"closed","sticky":false,"template":"","format":"standard","meta":{"footnotes":""},"categories":[1,5],"tags":[],"class_list":["post-600","post","type-post","status-publish","format-standard","hentry","category-allgemein","category-predigt"],"_links":{"self":[{"href":"http:\/\/kirche-eldingen.de\/index.php?rest_route=\/wp\/v2\/posts\/600","targetHints":{"allow":["GET"]}}],"collection":[{"href":"http:\/\/kirche-eldingen.de\/index.php?rest_route=\/wp\/v2\/posts"}],"about":[{"href":"http:\/\/kirche-eldingen.de\/index.php?rest_route=\/wp\/v2\/types\/post"}],"author":[{"embeddable":true,"href":"http:\/\/kirche-eldingen.de\/index.php?rest_route=\/wp\/v2\/users\/2"}],"replies":[{"embeddable":true,"href":"http:\/\/kirche-eldingen.de\/index.php?rest_route=%2Fwp%2Fv2%2Fcomments&post=600"}],"version-history":[{"count":1,"href":"http:\/\/kirche-eldingen.de\/index.php?rest_route=\/wp\/v2\/posts\/600\/revisions"}],"predecessor-version":[{"id":601,"href":"http:\/\/kirche-eldingen.de\/index.php?rest_route=\/wp\/v2\/posts\/600\/revisions\/601"}],"wp:attachment":[{"href":"http:\/\/kirche-eldingen.de\/index.php?rest_route=%2Fwp%2Fv2%2Fmedia&parent=600"}],"wp:term":[{"taxonomy":"category","embeddable":true,"href":"http:\/\/kirche-eldingen.de\/index.php?rest_route=%2Fwp%2Fv2%2Fcategories&post=600"},{"taxonomy":"post_tag","embeddable":true,"href":"http:\/\/kirche-eldingen.de\/index.php?rest_route=%2Fwp%2Fv2%2Ftags&post=600"}],"curies":[{"name":"wp","href":"https:\/\/api.w.org\/{rel}","templated":true}]}}