{"id":590,"date":"2021-04-03T09:39:50","date_gmt":"2021-04-03T07:39:50","guid":{"rendered":"http:\/\/kirche-eldingen.de\/?p=590"},"modified":"2021-04-03T09:39:50","modified_gmt":"2021-04-03T07:39:50","slug":"predigt-zum-mitnehmen-fuer-zuhause-von-norbert-schwarz-ostersonntag-04-04-2021","status":"publish","type":"post","link":"http:\/\/kirche-eldingen.de\/?p=590","title":{"rendered":"Predigt zum Mitnehmen f\u00fcr Zuhause von Norbert Schwarz, Ostersonntag, 04.04.2021"},"content":{"rendered":"<p><strong>Gerne k\u00f6nnen Sie sich die Predigt auch auf YouTube anh\u00f6ren. Sie finden Herrn Schwarz unter Harmonicano, Ostern Eldingen 2021 (Link: <a href=\"_wp_link_placeholder\" data-wplink-edit=\"true\">https:\/\/www.youtube.com\/watch?v=5Ea-Z3S3yg8<\/a>)<\/strong><\/p>\n\n\n<div class=\"wp-block-file\"><a href=\"http:\/\/kirche-eldingen.de\/wp-content\/uploads\/2021\/04\/2021-04-04-Osterpredigt-LK-24-fuer-Zuhause-Eldingen.pdf\">2021-04-04 Osterpredigt LK 24-f\u00fcr-Zuhause-Eldingen<\/a><a href=\"http:\/\/kirche-eldingen.de\/wp-content\/uploads\/2021\/04\/2021-04-04-Osterpredigt-LK-24-fuer-Zuhause-Eldingen.pdf\" class=\"wp-block-file__button\" download>Herunterladen<\/a><\/div>\n","protected":false},"excerpt":{"rendered":"<p>Liebe Gemeinde!<\/p>\n<p>\u201eMeine Seele wartet auf Gott, mehr als die W\u00e4chter auf den Morgen!\u201c \u2013 ruft die Beterin des 130. Psalms. Die ganze Nacht hat sie wach gelegen. Je l\u00e4nger das Dunkel w\u00e4hrt, desto mehr sehnt sie das Licht herbei. Viele Menschen teilen im Moment diese Sehnsucht. Wir sehnen und nach einem neuen Morgen. Wir wollen einander wieder nahekommen, ohne Angst sich anzustecken. M\u00f6ge der Schleier, der \u00fcber unserem Land liegt, sich endlich aufl\u00f6sen! Stattdessen m\u00fcssen wir auch an diesem Osterfest mit Kontaktbeschr\u00e4nkungen leben&#8230;.<\/p>\n","protected":false},"author":2,"featured_media":0,"comment_status":"closed","ping_status":"closed","sticky":false,"template":"","format":"standard","meta":{"footnotes":""},"categories":[1,5],"tags":[],"class_list":["post-590","post","type-post","status-publish","format-standard","hentry","category-allgemein","category-predigt"],"_links":{"self":[{"href":"http:\/\/kirche-eldingen.de\/index.php?rest_route=\/wp\/v2\/posts\/590","targetHints":{"allow":["GET"]}}],"collection":[{"href":"http:\/\/kirche-eldingen.de\/index.php?rest_route=\/wp\/v2\/posts"}],"about":[{"href":"http:\/\/kirche-eldingen.de\/index.php?rest_route=\/wp\/v2\/types\/post"}],"author":[{"embeddable":true,"href":"http:\/\/kirche-eldingen.de\/index.php?rest_route=\/wp\/v2\/users\/2"}],"replies":[{"embeddable":true,"href":"http:\/\/kirche-eldingen.de\/index.php?rest_route=%2Fwp%2Fv2%2Fcomments&post=590"}],"version-history":[{"count":1,"href":"http:\/\/kirche-eldingen.de\/index.php?rest_route=\/wp\/v2\/posts\/590\/revisions"}],"predecessor-version":[{"id":591,"href":"http:\/\/kirche-eldingen.de\/index.php?rest_route=\/wp\/v2\/posts\/590\/revisions\/591"}],"wp:attachment":[{"href":"http:\/\/kirche-eldingen.de\/index.php?rest_route=%2Fwp%2Fv2%2Fmedia&parent=590"}],"wp:term":[{"taxonomy":"category","embeddable":true,"href":"http:\/\/kirche-eldingen.de\/index.php?rest_route=%2Fwp%2Fv2%2Fcategories&post=590"},{"taxonomy":"post_tag","embeddable":true,"href":"http:\/\/kirche-eldingen.de\/index.php?rest_route=%2Fwp%2Fv2%2Ftags&post=590"}],"curies":[{"name":"wp","href":"https:\/\/api.w.org\/{rel}","templated":true}]}}