{"id":526,"date":"2021-02-27T09:34:00","date_gmt":"2021-02-27T08:34:00","guid":{"rendered":"http:\/\/kirche-eldingen.de\/?p=526"},"modified":"2021-02-26T09:54:39","modified_gmt":"2021-02-26T08:54:39","slug":"predigt-zum-mitnehmen-fuer-zuhause-von-norbert-schwarz-remini-28-02-2021","status":"publish","type":"post","link":"http:\/\/kirche-eldingen.de\/?p=526","title":{"rendered":"Predigt zum Mitnehmen f\u00fcr Zuhause von Norbert Schwarz, Remini, 28.02.2021"},"content":{"rendered":"\n<div class=\"wp-block-file\"><a href=\"http:\/\/kirche-eldingen.de\/wp-content\/uploads\/2021\/02\/2021-02-28-Hebr-Remini_Predigt-fuer-Zuhause.pdf\">2021-02-28 Hebr &#8211; Remini_Predigt f\u00fcr Zuhause<\/a><a href=\"http:\/\/kirche-eldingen.de\/wp-content\/uploads\/2021\/02\/2021-02-28-Hebr-Remini_Predigt-fuer-Zuhause.pdf\" class=\"wp-block-file__button\" download>Herunterladen<\/a><\/div>\n","protected":false},"excerpt":{"rendered":"<p>Liebe Gemeinde!<br \/>\n\u201eIch glaube nur, was ich sehe!&#8220; \u2013 stand auf einem Schild, das ein Mann in der Hand hielt. Er stand in der Fu\u00dfg\u00e4ngerzone, eine dunkle Brille auf, eine gelbe Armbinde mit drei Punkten an und versuchte auf diese Art mit Menschen ins Gespr\u00e4ch zu kommen \u00fcber ihren Glauben.<br \/>\n\u201eIch glaube nur, was ich sehe!&#8220; Diesen Satz h\u00f6rt man immer wieder. Von Menschen, die sich f\u00fcr Realisten halten, die die Meinung vertreten: Nur Tr\u00e4umer oder schwache Menschen brauchen den Glauben. Sie selbst stehen mit beiden Beinen im Leben und managen ihr Leben allein aufs Beste. So ihre tiefe \u00dcberzeugung. Gott und den Glauben brauchen sie f\u00fcr ihr Leben nicht&#8230;..<\/p>\n","protected":false},"author":2,"featured_media":0,"comment_status":"closed","ping_status":"closed","sticky":false,"template":"","format":"standard","meta":{"footnotes":""},"categories":[1,5],"tags":[],"class_list":["post-526","post","type-post","status-publish","format-standard","hentry","category-allgemein","category-predigt"],"_links":{"self":[{"href":"http:\/\/kirche-eldingen.de\/index.php?rest_route=\/wp\/v2\/posts\/526","targetHints":{"allow":["GET"]}}],"collection":[{"href":"http:\/\/kirche-eldingen.de\/index.php?rest_route=\/wp\/v2\/posts"}],"about":[{"href":"http:\/\/kirche-eldingen.de\/index.php?rest_route=\/wp\/v2\/types\/post"}],"author":[{"embeddable":true,"href":"http:\/\/kirche-eldingen.de\/index.php?rest_route=\/wp\/v2\/users\/2"}],"replies":[{"embeddable":true,"href":"http:\/\/kirche-eldingen.de\/index.php?rest_route=%2Fwp%2Fv2%2Fcomments&post=526"}],"version-history":[{"count":2,"href":"http:\/\/kirche-eldingen.de\/index.php?rest_route=\/wp\/v2\/posts\/526\/revisions"}],"predecessor-version":[{"id":528,"href":"http:\/\/kirche-eldingen.de\/index.php?rest_route=\/wp\/v2\/posts\/526\/revisions\/528"}],"wp:attachment":[{"href":"http:\/\/kirche-eldingen.de\/index.php?rest_route=%2Fwp%2Fv2%2Fmedia&parent=526"}],"wp:term":[{"taxonomy":"category","embeddable":true,"href":"http:\/\/kirche-eldingen.de\/index.php?rest_route=%2Fwp%2Fv2%2Fcategories&post=526"},{"taxonomy":"post_tag","embeddable":true,"href":"http:\/\/kirche-eldingen.de\/index.php?rest_route=%2Fwp%2Fv2%2Ftags&post=526"}],"curies":[{"name":"wp","href":"https:\/\/api.w.org\/{rel}","templated":true}]}}