{"id":509,"date":"2021-01-17T09:30:00","date_gmt":"2021-01-17T08:30:00","guid":{"rendered":"http:\/\/kirche-eldingen.de\/?p=509"},"modified":"2021-01-15T11:24:30","modified_gmt":"2021-01-15T10:24:30","slug":"predigt-zum-mitnehmen-fuer-zuhause-von-norbert-schwarz-2-so-nach-epiphanias-17-01-2021","status":"publish","type":"post","link":"http:\/\/kirche-eldingen.de\/?p=509","title":{"rendered":"Predigt zum Mitnehmen f\u00fcr Zuhause von Norbert Schwarz, 2. So. nach Epiphanias, 17.01.2021"},"content":{"rendered":"\n<div class=\"wp-block-file\"><a href=\"http:\/\/kirche-eldingen.de\/wp-content\/uploads\/2021\/01\/2021-01-17-2.n.Epi-fuer-Zuhause.pdf\">2021-01-17 2.n.Epi-f\u00fcr-Zuhause<\/a><a href=\"http:\/\/kirche-eldingen.de\/wp-content\/uploads\/2021\/01\/2021-01-17-2.n.Epi-fuer-Zuhause.pdf\" class=\"wp-block-file__button\" download>Herunterladen<\/a><\/div>\n","protected":false},"excerpt":{"rendered":"<p>In Armenien &#8211; im S\u00fcden dessen, was einmal die Sowjetunion gewesen ist &#8211; lebte im 18. Jahrhundert ein Ehepaar. Der Mann war ein Cellospieler. Einer der Gro\u00dfen seiner Zeit. Alles, was bis damals f\u00fcr sein Instrument komponiert worden war, beherrschte er virtuos. Je \u00e4lter er aber wurde, desto weniger spielte er und desto mehr legte er darauf Wert, dieses wenige in h\u00f6chster Vollendung zu spielen. Als er nun ganz alt war, spielte er nur noch einen einzigen Ton&#8230;.<\/p>\n","protected":false},"author":2,"featured_media":0,"comment_status":"closed","ping_status":"closed","sticky":false,"template":"","format":"standard","meta":{"footnotes":""},"categories":[1,5],"tags":[],"class_list":["post-509","post","type-post","status-publish","format-standard","hentry","category-allgemein","category-predigt"],"_links":{"self":[{"href":"http:\/\/kirche-eldingen.de\/index.php?rest_route=\/wp\/v2\/posts\/509","targetHints":{"allow":["GET"]}}],"collection":[{"href":"http:\/\/kirche-eldingen.de\/index.php?rest_route=\/wp\/v2\/posts"}],"about":[{"href":"http:\/\/kirche-eldingen.de\/index.php?rest_route=\/wp\/v2\/types\/post"}],"author":[{"embeddable":true,"href":"http:\/\/kirche-eldingen.de\/index.php?rest_route=\/wp\/v2\/users\/2"}],"replies":[{"embeddable":true,"href":"http:\/\/kirche-eldingen.de\/index.php?rest_route=%2Fwp%2Fv2%2Fcomments&post=509"}],"version-history":[{"count":1,"href":"http:\/\/kirche-eldingen.de\/index.php?rest_route=\/wp\/v2\/posts\/509\/revisions"}],"predecessor-version":[{"id":510,"href":"http:\/\/kirche-eldingen.de\/index.php?rest_route=\/wp\/v2\/posts\/509\/revisions\/510"}],"wp:attachment":[{"href":"http:\/\/kirche-eldingen.de\/index.php?rest_route=%2Fwp%2Fv2%2Fmedia&parent=509"}],"wp:term":[{"taxonomy":"category","embeddable":true,"href":"http:\/\/kirche-eldingen.de\/index.php?rest_route=%2Fwp%2Fv2%2Fcategories&post=509"},{"taxonomy":"post_tag","embeddable":true,"href":"http:\/\/kirche-eldingen.de\/index.php?rest_route=%2Fwp%2Fv2%2Ftags&post=509"}],"curies":[{"name":"wp","href":"https:\/\/api.w.org\/{rel}","templated":true}]}}