{"id":490,"date":"2020-12-31T09:30:00","date_gmt":"2020-12-31T08:30:00","guid":{"rendered":"http:\/\/kirche-eldingen.de\/?p=490"},"modified":"2020-12-30T11:50:51","modified_gmt":"2020-12-30T10:50:51","slug":"predigt-zum-mitnehmen-fuer-zuhause-von-norbert-schwarz-altjahrsabend-31-12-2020","status":"publish","type":"post","link":"http:\/\/kirche-eldingen.de\/?p=490","title":{"rendered":"Predigt zum Mitnehmen f\u00fcr Zuhause von Norbert Schwarz, Altjahrsabend, 31.12.2020"},"content":{"rendered":"\n<div class=\"wp-block-file\"><a href=\"http:\/\/kirche-eldingen.de\/wp-content\/uploads\/2020\/12\/2020-12-31-Altjahrsabend-fuer-Zuhause.pdf\">2020-12-31 Altjahrsabend-f\u00fcr-Zuhause<\/a><a href=\"http:\/\/kirche-eldingen.de\/wp-content\/uploads\/2020\/12\/2020-12-31-Altjahrsabend-fuer-Zuhause.pdf\" class=\"wp-block-file__button\" download>Herunterladen<\/a><\/div>\n","protected":false},"excerpt":{"rendered":"<p>Liebe Gemeinde!<br \/>\n\u201eIch bin gewiss!\u201c \u2013 schreibt Paulus in seinem Brief an die Christen in Rom. Zuvor hat er ihnen gegen\u00fcber Rechenschaft abgelegt: Alle zentralen Themen des Glaubens rei\u00dft er an, weiter und weiter dehnt die Schriftrolle sich aus, mittlerweile erstreckt der Brief sich \u00fcber viele Zeilen. Nun ist es sp\u00e4t geworden. Obwohl ihm noch vieles durch den Kopf geht, muss er zum Ende kommen. M\u00fcdigkeit senkt sich \u00fcber sein Haupt. Bevor er sich zu seinem Nachtlager begibt, taucht er die Feder noch ein letztes Mal ein und schreibt einen abschlie\u00dfenden Satz. Die Unterschrift unter alles bis hier Gesagte. Sie beginnt mit den Worten: \u201eIch bin gewiss!\u201c&#8230;.<\/p>\n","protected":false},"author":2,"featured_media":0,"comment_status":"closed","ping_status":"closed","sticky":false,"template":"","format":"standard","meta":{"footnotes":""},"categories":[1,5],"tags":[],"class_list":["post-490","post","type-post","status-publish","format-standard","hentry","category-allgemein","category-predigt"],"_links":{"self":[{"href":"http:\/\/kirche-eldingen.de\/index.php?rest_route=\/wp\/v2\/posts\/490","targetHints":{"allow":["GET"]}}],"collection":[{"href":"http:\/\/kirche-eldingen.de\/index.php?rest_route=\/wp\/v2\/posts"}],"about":[{"href":"http:\/\/kirche-eldingen.de\/index.php?rest_route=\/wp\/v2\/types\/post"}],"author":[{"embeddable":true,"href":"http:\/\/kirche-eldingen.de\/index.php?rest_route=\/wp\/v2\/users\/2"}],"replies":[{"embeddable":true,"href":"http:\/\/kirche-eldingen.de\/index.php?rest_route=%2Fwp%2Fv2%2Fcomments&post=490"}],"version-history":[{"count":1,"href":"http:\/\/kirche-eldingen.de\/index.php?rest_route=\/wp\/v2\/posts\/490\/revisions"}],"predecessor-version":[{"id":491,"href":"http:\/\/kirche-eldingen.de\/index.php?rest_route=\/wp\/v2\/posts\/490\/revisions\/491"}],"wp:attachment":[{"href":"http:\/\/kirche-eldingen.de\/index.php?rest_route=%2Fwp%2Fv2%2Fmedia&parent=490"}],"wp:term":[{"taxonomy":"category","embeddable":true,"href":"http:\/\/kirche-eldingen.de\/index.php?rest_route=%2Fwp%2Fv2%2Fcategories&post=490"},{"taxonomy":"post_tag","embeddable":true,"href":"http:\/\/kirche-eldingen.de\/index.php?rest_route=%2Fwp%2Fv2%2Ftags&post=490"}],"curies":[{"name":"wp","href":"https:\/\/api.w.org\/{rel}","templated":true}]}}