{"id":443,"date":"2020-12-13T09:30:00","date_gmt":"2020-12-13T08:30:00","guid":{"rendered":"http:\/\/kirche-eldingen.de\/?p=443"},"modified":"2021-02-07T17:42:31","modified_gmt":"2021-02-07T16:42:31","slug":"predigt-zum-mitnehmen-fuer-zuhause-von-pastor-norbert-schwarz-2","status":"publish","type":"post","link":"http:\/\/kirche-eldingen.de\/?p=443","title":{"rendered":"Predigt zum Mitnehmen f\u00fcr Zuhause von Pastor Norbert Schwarz, 3. Advent, 13.12.2020"},"content":{"rendered":"\n<p><strong>Dritter Advent, 13. Dezember 2020, Predigttext: R\u00f6m 13,8-12<\/strong><\/p>\n","protected":false},"excerpt":{"rendered":"<p>Liebe Gemeinde!<br \/>\nWie ist das bei Ihnen? Geh\u00f6ren Sie zu den Fr\u00fchaufstehern? Oder sind Sie eher Morgenmuffel. F\u00fcr mich muss ich gestehen: Meistens bin ich ein Morgenmuffel. Es f\u00e4llt mir schwer, morgens aus dem Bett zu kommen.<br \/>\nBesonders, wenn es am Abend vorher sp\u00e4t geworden ist. Manchmal \u00e4rgere ich mich dar\u00fcber. Der Morgen ist n\u00e4mlich eine besondere Tageszeit. \u201eMorgenstund hat Gold im Mund,\u201c sagt das Sprichwort. Und das stimmt tats\u00e4chlich. Wer fr\u00fch auf steht, wird reich belohnt. Das habe ich selbst schon erlebt&#8230;.<\/p>\n","protected":false},"author":2,"featured_media":0,"comment_status":"closed","ping_status":"closed","sticky":false,"template":"","format":"standard","meta":{"footnotes":""},"categories":[1,5],"tags":[],"class_list":["post-443","post","type-post","status-publish","format-standard","hentry","category-allgemein","category-predigt"],"_links":{"self":[{"href":"http:\/\/kirche-eldingen.de\/index.php?rest_route=\/wp\/v2\/posts\/443","targetHints":{"allow":["GET"]}}],"collection":[{"href":"http:\/\/kirche-eldingen.de\/index.php?rest_route=\/wp\/v2\/posts"}],"about":[{"href":"http:\/\/kirche-eldingen.de\/index.php?rest_route=\/wp\/v2\/types\/post"}],"author":[{"embeddable":true,"href":"http:\/\/kirche-eldingen.de\/index.php?rest_route=\/wp\/v2\/users\/2"}],"replies":[{"embeddable":true,"href":"http:\/\/kirche-eldingen.de\/index.php?rest_route=%2Fwp%2Fv2%2Fcomments&post=443"}],"version-history":[{"count":3,"href":"http:\/\/kirche-eldingen.de\/index.php?rest_route=\/wp\/v2\/posts\/443\/revisions"}],"predecessor-version":[{"id":448,"href":"http:\/\/kirche-eldingen.de\/index.php?rest_route=\/wp\/v2\/posts\/443\/revisions\/448"}],"wp:attachment":[{"href":"http:\/\/kirche-eldingen.de\/index.php?rest_route=%2Fwp%2Fv2%2Fmedia&parent=443"}],"wp:term":[{"taxonomy":"category","embeddable":true,"href":"http:\/\/kirche-eldingen.de\/index.php?rest_route=%2Fwp%2Fv2%2Fcategories&post=443"},{"taxonomy":"post_tag","embeddable":true,"href":"http:\/\/kirche-eldingen.de\/index.php?rest_route=%2Fwp%2Fv2%2Ftags&post=443"}],"curies":[{"name":"wp","href":"https:\/\/api.w.org\/{rel}","templated":true}]}}