{"id":408,"date":"2020-11-08T09:30:00","date_gmt":"2020-11-08T08:30:00","guid":{"rendered":"http:\/\/kirche-eldingen.de\/?p=408"},"modified":"2020-11-13T13:20:52","modified_gmt":"2020-11-13T12:20:52","slug":"predigt-zum-mitnehmen-fuer-zuhause-von-pastor-norbert-schwarz","status":"publish","type":"post","link":"http:\/\/kirche-eldingen.de\/?p=408","title":{"rendered":"Predigt von Pastor Norbert Schwarz drittletzter Sonntag des Kirchenjahres, 08. November 2020"},"content":{"rendered":"\n<div class=\"wp-block-file\"><a href=\"http:\/\/kirche-eldingen.de\/wp-content\/uploads\/2020\/11\/2020-11-08-Predigt-Lk-17-drittletzer-fuer-zuhause.pdf\">2020-11-08 Predigt Lk 17-drittletzer-f\u00fcr zuhause<\/a><a href=\"http:\/\/kirche-eldingen.de\/wp-content\/uploads\/2020\/11\/2020-11-08-Predigt-Lk-17-drittletzer-fuer-zuhause.pdf\" class=\"wp-block-file__button\" download>Herunterladen<\/a><\/div>\n","protected":false},"excerpt":{"rendered":"<p>Kommt ein Mann zum Bahnhof: \u201eIch h\u00e4tte gerne eine Fahrkarte nach K\u00fcrze.\u201c \u201eLieber Herr, diesen Ort gibt es nicht in der Deutschen Demokratischen Republik,\u201c antwortet die Frau hinterm Schalter. \u201eDen muss es aber geben,\u201c entgegnet er. \u201eAuf jeder unserer Parteiversammlungen endet der Sekret\u00e4r mit den Worten: &#8218;In K\u00fcrze ist alles anders. In K\u00fcrze ist alles besser.&#8217;\u201c&#8230;<\/p>\n","protected":false},"author":2,"featured_media":0,"comment_status":"closed","ping_status":"closed","sticky":false,"template":"","format":"standard","meta":{"footnotes":""},"categories":[1,5],"tags":[],"class_list":["post-408","post","type-post","status-publish","format-standard","hentry","category-allgemein","category-predigt"],"_links":{"self":[{"href":"http:\/\/kirche-eldingen.de\/index.php?rest_route=\/wp\/v2\/posts\/408","targetHints":{"allow":["GET"]}}],"collection":[{"href":"http:\/\/kirche-eldingen.de\/index.php?rest_route=\/wp\/v2\/posts"}],"about":[{"href":"http:\/\/kirche-eldingen.de\/index.php?rest_route=\/wp\/v2\/types\/post"}],"author":[{"embeddable":true,"href":"http:\/\/kirche-eldingen.de\/index.php?rest_route=\/wp\/v2\/users\/2"}],"replies":[{"embeddable":true,"href":"http:\/\/kirche-eldingen.de\/index.php?rest_route=%2Fwp%2Fv2%2Fcomments&post=408"}],"version-history":[{"count":3,"href":"http:\/\/kirche-eldingen.de\/index.php?rest_route=\/wp\/v2\/posts\/408\/revisions"}],"predecessor-version":[{"id":416,"href":"http:\/\/kirche-eldingen.de\/index.php?rest_route=\/wp\/v2\/posts\/408\/revisions\/416"}],"wp:attachment":[{"href":"http:\/\/kirche-eldingen.de\/index.php?rest_route=%2Fwp%2Fv2%2Fmedia&parent=408"}],"wp:term":[{"taxonomy":"category","embeddable":true,"href":"http:\/\/kirche-eldingen.de\/index.php?rest_route=%2Fwp%2Fv2%2Fcategories&post=408"},{"taxonomy":"post_tag","embeddable":true,"href":"http:\/\/kirche-eldingen.de\/index.php?rest_route=%2Fwp%2Fv2%2Ftags&post=408"}],"curies":[{"name":"wp","href":"https:\/\/api.w.org\/{rel}","templated":true}]}}