{"id":395,"date":"2020-10-11T09:30:00","date_gmt":"2020-10-11T07:30:00","guid":{"rendered":"http:\/\/kirche-eldingen.de\/?p=395"},"modified":"2021-02-07T17:37:32","modified_gmt":"2021-02-07T16:37:32","slug":"predigt-von-pastor-norbert-schwarz-18-sonntag-nach-trinitatis-11-oktober-2020","status":"publish","type":"post","link":"http:\/\/kirche-eldingen.de\/?p=395","title":{"rendered":"Predigt von Pastor Norbert Schwarz 18. Sonntag nach Trinitatis, 11. Oktober 2020"},"content":{"rendered":"\n<div class=\"wp-block-file\"><a href=\"http:\/\/kirche-eldingen.de\/wp-content\/uploads\/2020\/10\/2020-10-11-Mk10-18nTrin-fuer-zuhause.pdf\">2020-10-11 Mk10-18nTrin-f\u00fcr-zuhause<\/a><a href=\"http:\/\/kirche-eldingen.de\/wp-content\/uploads\/2020\/10\/2020-10-11-Mk10-18nTrin-fuer-zuhause.pdf\" class=\"wp-block-file__button\" download>Herunterladen<\/a><\/div>\n","protected":false},"excerpt":{"rendered":"<p>\u201eIch bin dann mal weg\u201c \u2013 ist der Titel eines Bestsellers von Hape Kerkeling, \u00fcber seine Reise auf dem Jakobsweg. Dieser Titel dr\u00fcckt eine Sehnsucht aus, die heute viele Menschen teilen: Die Sehnsucht, einmal alles hinter sich zu lassen und aufzubrechen in ein unbekanntes Terrain. Sich aus den Verstrickungen des Alltags befreien und neu anfangen. Mit wenigen Kilo Gep\u00e4ck auf dem R\u00fccken macht Hape Kerkeling sich zu Fu\u00df auf den Weg. Wenn er morgens aufbricht, wei\u00df er nicht, wo er abends ankommen wird. Das Leben eines Pilgers steht in krassem Gegensatz zu der Art und Weise, wie moderne heute Menschen leben. <\/p>\n","protected":false},"author":2,"featured_media":0,"comment_status":"closed","ping_status":"closed","sticky":false,"template":"","format":"standard","meta":{"footnotes":""},"categories":[1,5],"tags":[],"class_list":["post-395","post","type-post","status-publish","format-standard","hentry","category-allgemein","category-predigt"],"_links":{"self":[{"href":"http:\/\/kirche-eldingen.de\/index.php?rest_route=\/wp\/v2\/posts\/395","targetHints":{"allow":["GET"]}}],"collection":[{"href":"http:\/\/kirche-eldingen.de\/index.php?rest_route=\/wp\/v2\/posts"}],"about":[{"href":"http:\/\/kirche-eldingen.de\/index.php?rest_route=\/wp\/v2\/types\/post"}],"author":[{"embeddable":true,"href":"http:\/\/kirche-eldingen.de\/index.php?rest_route=\/wp\/v2\/users\/2"}],"replies":[{"embeddable":true,"href":"http:\/\/kirche-eldingen.de\/index.php?rest_route=%2Fwp%2Fv2%2Fcomments&post=395"}],"version-history":[{"count":1,"href":"http:\/\/kirche-eldingen.de\/index.php?rest_route=\/wp\/v2\/posts\/395\/revisions"}],"predecessor-version":[{"id":396,"href":"http:\/\/kirche-eldingen.de\/index.php?rest_route=\/wp\/v2\/posts\/395\/revisions\/396"}],"wp:attachment":[{"href":"http:\/\/kirche-eldingen.de\/index.php?rest_route=%2Fwp%2Fv2%2Fmedia&parent=395"}],"wp:term":[{"taxonomy":"category","embeddable":true,"href":"http:\/\/kirche-eldingen.de\/index.php?rest_route=%2Fwp%2Fv2%2Fcategories&post=395"},{"taxonomy":"post_tag","embeddable":true,"href":"http:\/\/kirche-eldingen.de\/index.php?rest_route=%2Fwp%2Fv2%2Ftags&post=395"}],"curies":[{"name":"wp","href":"https:\/\/api.w.org\/{rel}","templated":true}]}}