{"id":351,"date":"2020-09-06T09:30:00","date_gmt":"2020-09-06T07:30:00","guid":{"rendered":"http:\/\/kirche-eldingen.de\/?p=351"},"modified":"2021-02-07T17:38:01","modified_gmt":"2021-02-07T16:38:01","slug":"predigt-von-pastor-norbert-schwarz-13-sonntag-nach-trinitatis-06-september-2020","status":"publish","type":"post","link":"http:\/\/kirche-eldingen.de\/?p=351","title":{"rendered":"Predigt von Pastor Norbert Schwarz 13. Sonntag nach Trinitatis, 06. September 2020"},"content":{"rendered":"\n<div class=\"wp-block-file\"><a href=\"http:\/\/kirche-eldingen.de\/wp-content\/uploads\/2020\/09\/2020-09-04-Predigt-Lk10-13nTrin-f\u00fcr-zuhause.pdf\">2020-09-04 Predigt Lk10-13nTrin-f\u00fcr-zuhause<\/a><a href=\"http:\/\/kirche-eldingen.de\/wp-content\/uploads\/2020\/09\/2020-09-04-Predigt-Lk10-13nTrin-f\u00fcr-zuhause.pdf\" class=\"wp-block-file__button\" download>Herunterladen<\/a><\/div>\n","protected":false},"excerpt":{"rendered":"<p>\u201eSamariter\u201c \u2013 das Wort hat bei uns einen guten Klang. Die meisten denken sofort an den \u201ebarmherzigen Samariter\u201c, von dem heute im Evangelium die Rede ist. Andere denken an die \u201eSamariter\u201c auf der Stra\u00dfe. Sie k\u00fcmmern sich, sie setzen ihre Freizeit und ihre sKraft ein. Sie sind dort zur Stelle, wo Hilfe n\u00f6tig ist. \u201eArbeiter-Samariter-Bund\u201c ist der Name einer gro\u00dfen Hilfs- und Wohlfahrtsorganisation. \u201eSamariter\u201c \u2013 das Wort hat einfach einen guten Klang. &#8230;<\/p>\n","protected":false},"author":2,"featured_media":0,"comment_status":"closed","ping_status":"closed","sticky":false,"template":"","format":"standard","meta":{"footnotes":""},"categories":[1,5],"tags":[],"class_list":["post-351","post","type-post","status-publish","format-standard","hentry","category-allgemein","category-predigt"],"_links":{"self":[{"href":"http:\/\/kirche-eldingen.de\/index.php?rest_route=\/wp\/v2\/posts\/351","targetHints":{"allow":["GET"]}}],"collection":[{"href":"http:\/\/kirche-eldingen.de\/index.php?rest_route=\/wp\/v2\/posts"}],"about":[{"href":"http:\/\/kirche-eldingen.de\/index.php?rest_route=\/wp\/v2\/types\/post"}],"author":[{"embeddable":true,"href":"http:\/\/kirche-eldingen.de\/index.php?rest_route=\/wp\/v2\/users\/2"}],"replies":[{"embeddable":true,"href":"http:\/\/kirche-eldingen.de\/index.php?rest_route=%2Fwp%2Fv2%2Fcomments&post=351"}],"version-history":[{"count":1,"href":"http:\/\/kirche-eldingen.de\/index.php?rest_route=\/wp\/v2\/posts\/351\/revisions"}],"predecessor-version":[{"id":352,"href":"http:\/\/kirche-eldingen.de\/index.php?rest_route=\/wp\/v2\/posts\/351\/revisions\/352"}],"wp:attachment":[{"href":"http:\/\/kirche-eldingen.de\/index.php?rest_route=%2Fwp%2Fv2%2Fmedia&parent=351"}],"wp:term":[{"taxonomy":"category","embeddable":true,"href":"http:\/\/kirche-eldingen.de\/index.php?rest_route=%2Fwp%2Fv2%2Fcategories&post=351"},{"taxonomy":"post_tag","embeddable":true,"href":"http:\/\/kirche-eldingen.de\/index.php?rest_route=%2Fwp%2Fv2%2Ftags&post=351"}],"curies":[{"name":"wp","href":"https:\/\/api.w.org\/{rel}","templated":true}]}}