{"id":343,"date":"2020-08-23T09:30:00","date_gmt":"2020-08-23T07:30:00","guid":{"rendered":"http:\/\/kirche-eldingen.de\/?p=343"},"modified":"2021-02-07T17:38:12","modified_gmt":"2021-02-07T16:38:12","slug":"predigt-von-pastor-norbert-schwarz-11-sonntag-nach-trinitatis-23-august-2020","status":"publish","type":"post","link":"http:\/\/kirche-eldingen.de\/?p=343","title":{"rendered":"Predigt von Pastor Norbert Schwarz 11. Sonntag nach Trinitatis, 23. August 2020"},"content":{"rendered":"\n<div class=\"wp-block-file\"><a href=\"http:\/\/kirche-eldingen.de\/wp-content\/uploads\/2020\/08\/2020-08-23-Predigt_Apg16-SoKi-f\u00fcr-zuhause.pdf\">2020-08-23 Predigt_Apg16-SoKi-f\u00fcr-zuhause<\/a><a href=\"http:\/\/kirche-eldingen.de\/wp-content\/uploads\/2020\/08\/2020-08-23-Predigt_Apg16-SoKi-f\u00fcr-zuhause.pdf\" class=\"wp-block-file__button\" download>Herunterladen<\/a><\/div>\n","protected":false},"excerpt":{"rendered":"<p>Unter dem Motto \u201eDas Leben gleicht einem Krimi\u201c haben wir an sechs Sonntagen die dunklen Seiten des menschlichen Miteinanders ans Licht gebracht: Um Mord und Totschlag ging es, um Intrigen, Betrug und Veruntreuung. Anders als zu erwarten, wei\u00df die Bibel davon teilweise gen\u00fcsslich zu erz\u00e4hlen. Sonntag f\u00fcr Sonntag haben wir uns durchgehangelt: Von dem allerersten Bruderpaar zu den Stammv\u00e4tern \u00fcber die K\u00f6nige Israels bis zu seltsamen Typen, die Jesus in seinen Gleichnissen zum Vorbild macht. Wir mussten feststellen: In Geschichte Gottes mit den Menschen ist von Anfang an der Faden einer Kriminal-geschichte eingeschlagen. Verbrecher und Heilige stehen dicht nebeneinander. Manchmal begegnen sie in ein und derselben Person&#8230;.<\/p>\n","protected":false},"author":2,"featured_media":0,"comment_status":"closed","ping_status":"closed","sticky":false,"template":"","format":"standard","meta":{"footnotes":""},"categories":[1,5],"tags":[],"class_list":["post-343","post","type-post","status-publish","format-standard","hentry","category-allgemein","category-predigt"],"_links":{"self":[{"href":"http:\/\/kirche-eldingen.de\/index.php?rest_route=\/wp\/v2\/posts\/343","targetHints":{"allow":["GET"]}}],"collection":[{"href":"http:\/\/kirche-eldingen.de\/index.php?rest_route=\/wp\/v2\/posts"}],"about":[{"href":"http:\/\/kirche-eldingen.de\/index.php?rest_route=\/wp\/v2\/types\/post"}],"author":[{"embeddable":true,"href":"http:\/\/kirche-eldingen.de\/index.php?rest_route=\/wp\/v2\/users\/2"}],"replies":[{"embeddable":true,"href":"http:\/\/kirche-eldingen.de\/index.php?rest_route=%2Fwp%2Fv2%2Fcomments&post=343"}],"version-history":[{"count":1,"href":"http:\/\/kirche-eldingen.de\/index.php?rest_route=\/wp\/v2\/posts\/343\/revisions"}],"predecessor-version":[{"id":344,"href":"http:\/\/kirche-eldingen.de\/index.php?rest_route=\/wp\/v2\/posts\/343\/revisions\/344"}],"wp:attachment":[{"href":"http:\/\/kirche-eldingen.de\/index.php?rest_route=%2Fwp%2Fv2%2Fmedia&parent=343"}],"wp:term":[{"taxonomy":"category","embeddable":true,"href":"http:\/\/kirche-eldingen.de\/index.php?rest_route=%2Fwp%2Fv2%2Fcategories&post=343"},{"taxonomy":"post_tag","embeddable":true,"href":"http:\/\/kirche-eldingen.de\/index.php?rest_route=%2Fwp%2Fv2%2Ftags&post=343"}],"curies":[{"name":"wp","href":"https:\/\/api.w.org\/{rel}","templated":true}]}}