{"id":338,"date":"2020-08-02T09:30:00","date_gmt":"2020-08-02T07:30:00","guid":{"rendered":"http:\/\/kirche-eldingen.de\/?p=338"},"modified":"2021-02-07T17:38:27","modified_gmt":"2021-02-07T16:38:27","slug":"predigt-von-pastor-norbert-schwarz-8-sonntag-nach-trinitatis-02-august-2020","status":"publish","type":"post","link":"http:\/\/kirche-eldingen.de\/?p=338","title":{"rendered":"Predigt von Pastor Norbert Schwarz 8. Sonntag nach Trinitatis, 02. August 2020"},"content":{"rendered":"\n<div class=\"wp-block-file\"><a href=\"http:\/\/kirche-eldingen.de\/wp-content\/uploads\/2020\/07\/2020-08-02-Mt-8.n.Trin-SoKi-f\u00fcr-zuhause.pdf\">2020-08-02 Mt-8.n.Trin-SoKi-f\u00fcr-zuhause<\/a><a href=\"http:\/\/kirche-eldingen.de\/wp-content\/uploads\/2020\/07\/2020-08-02-Mt-8.n.Trin-SoKi-f\u00fcr-zuhause.pdf\" class=\"wp-block-file__button\" download>Herunterladen<\/a><\/div>\n","protected":false},"excerpt":{"rendered":"<p>Liebe Gemeinde,<br \/>\nmeine Frau und ich, wir haben gerade unseren Sommerurlaub hinter uns. Sehr entspannend war das: Zeit zum Wandern. Zeit f\u00fcr Ausfl\u00fcge. Ich wei\u00df nicht, wie Ihnen das geht: Sobald ich unterwegs bin Richtung Urlaubsziel, lege ich in meinem Kopf einen Hebel um und schalte auf Erholung. Von einer Stunde auf die andere. Die letzten stressigen Momente sind das Kofferpacken&#8230;.<\/p>\n","protected":false},"author":2,"featured_media":0,"comment_status":"closed","ping_status":"closed","sticky":false,"template":"","format":"standard","meta":{"footnotes":""},"categories":[1,5],"tags":[],"class_list":["post-338","post","type-post","status-publish","format-standard","hentry","category-allgemein","category-predigt"],"_links":{"self":[{"href":"http:\/\/kirche-eldingen.de\/index.php?rest_route=\/wp\/v2\/posts\/338","targetHints":{"allow":["GET"]}}],"collection":[{"href":"http:\/\/kirche-eldingen.de\/index.php?rest_route=\/wp\/v2\/posts"}],"about":[{"href":"http:\/\/kirche-eldingen.de\/index.php?rest_route=\/wp\/v2\/types\/post"}],"author":[{"embeddable":true,"href":"http:\/\/kirche-eldingen.de\/index.php?rest_route=\/wp\/v2\/users\/2"}],"replies":[{"embeddable":true,"href":"http:\/\/kirche-eldingen.de\/index.php?rest_route=%2Fwp%2Fv2%2Fcomments&post=338"}],"version-history":[{"count":1,"href":"http:\/\/kirche-eldingen.de\/index.php?rest_route=\/wp\/v2\/posts\/338\/revisions"}],"predecessor-version":[{"id":339,"href":"http:\/\/kirche-eldingen.de\/index.php?rest_route=\/wp\/v2\/posts\/338\/revisions\/339"}],"wp:attachment":[{"href":"http:\/\/kirche-eldingen.de\/index.php?rest_route=%2Fwp%2Fv2%2Fmedia&parent=338"}],"wp:term":[{"taxonomy":"category","embeddable":true,"href":"http:\/\/kirche-eldingen.de\/index.php?rest_route=%2Fwp%2Fv2%2Fcategories&post=338"},{"taxonomy":"post_tag","embeddable":true,"href":"http:\/\/kirche-eldingen.de\/index.php?rest_route=%2Fwp%2Fv2%2Ftags&post=338"}],"curies":[{"name":"wp","href":"https:\/\/api.w.org\/{rel}","templated":true}]}}