{"id":331,"date":"2020-07-19T09:30:00","date_gmt":"2020-07-19T07:30:00","guid":{"rendered":"http:\/\/kirche-eldingen.de\/?p=331"},"modified":"2021-02-07T17:38:48","modified_gmt":"2021-02-07T16:38:48","slug":"predigt-von-pastor-norbert-schwarz-6-sonntag-nach-trinitatis-19-juli-2020","status":"publish","type":"post","link":"http:\/\/kirche-eldingen.de\/?p=331","title":{"rendered":"Predigt von Pastor Norbert Schwarz 6. Sonntag nach Trinitatis, 19. Juli 2020"},"content":{"rendered":"\n<div class=\"wp-block-file\"><a href=\"http:\/\/kirche-eldingen.de\/wp-content\/uploads\/2020\/07\/2020-07-19-1Mose121-4_-6.n.Trin-Eldingen.pdf\">2020-07-19 1Mose12,1-4_ 6.n.Trin-Eldingen<\/a><a href=\"http:\/\/kirche-eldingen.de\/wp-content\/uploads\/2020\/07\/2020-07-19-1Mose121-4_-6.n.Trin-Eldingen.pdf\" class=\"wp-block-file__button\" download>Herunterladen<\/a><\/div>\n","protected":false},"excerpt":{"rendered":"<p>\u201eEs ist herrlich, nur geistig zu leben und Tag f\u00fcr Tag f\u00fcr die Ewigkeit da zu sein. Aber manchmal wird mir mein ewig gleiches Dasein zu viel. Ich m\u00f6chte dann nicht mehr so ewig dar\u00fcber schweben.<\/p>\n","protected":false},"author":2,"featured_media":0,"comment_status":"closed","ping_status":"closed","sticky":false,"template":"","format":"standard","meta":{"footnotes":""},"categories":[1,5],"tags":[],"class_list":["post-331","post","type-post","status-publish","format-standard","hentry","category-allgemein","category-predigt"],"_links":{"self":[{"href":"http:\/\/kirche-eldingen.de\/index.php?rest_route=\/wp\/v2\/posts\/331","targetHints":{"allow":["GET"]}}],"collection":[{"href":"http:\/\/kirche-eldingen.de\/index.php?rest_route=\/wp\/v2\/posts"}],"about":[{"href":"http:\/\/kirche-eldingen.de\/index.php?rest_route=\/wp\/v2\/types\/post"}],"author":[{"embeddable":true,"href":"http:\/\/kirche-eldingen.de\/index.php?rest_route=\/wp\/v2\/users\/2"}],"replies":[{"embeddable":true,"href":"http:\/\/kirche-eldingen.de\/index.php?rest_route=%2Fwp%2Fv2%2Fcomments&post=331"}],"version-history":[{"count":1,"href":"http:\/\/kirche-eldingen.de\/index.php?rest_route=\/wp\/v2\/posts\/331\/revisions"}],"predecessor-version":[{"id":332,"href":"http:\/\/kirche-eldingen.de\/index.php?rest_route=\/wp\/v2\/posts\/331\/revisions\/332"}],"wp:attachment":[{"href":"http:\/\/kirche-eldingen.de\/index.php?rest_route=%2Fwp%2Fv2%2Fmedia&parent=331"}],"wp:term":[{"taxonomy":"category","embeddable":true,"href":"http:\/\/kirche-eldingen.de\/index.php?rest_route=%2Fwp%2Fv2%2Fcategories&post=331"},{"taxonomy":"post_tag","embeddable":true,"href":"http:\/\/kirche-eldingen.de\/index.php?rest_route=%2Fwp%2Fv2%2Ftags&post=331"}],"curies":[{"name":"wp","href":"https:\/\/api.w.org\/{rel}","templated":true}]}}