{"id":327,"date":"2020-07-12T09:30:00","date_gmt":"2020-07-12T07:30:00","guid":{"rendered":"http:\/\/kirche-eldingen.de\/?p=327"},"modified":"2021-02-07T17:39:10","modified_gmt":"2021-02-07T16:39:10","slug":"predigt-von-lektorin-rosi-schwarzrock-5-sonntag-nach-trinitatis-12-juli-2020","status":"publish","type":"post","link":"http:\/\/kirche-eldingen.de\/?p=327","title":{"rendered":"Predigt von Lektorin Rosi Schwarzrock, 5. Sonntag nach Trinitatis, 12. Juli 2020"},"content":{"rendered":"\n<div class=\"wp-block-file\"><a href=\"http:\/\/kirche-eldingen.de\/wp-content\/uploads\/2020\/07\/2020-07-12-Predigt-Lk-51-11-5nTrin-f\u00fcr-zuhause.pdf\">2020-07-12 Predigt Lk 5,1-11 5nTrin-f\u00fcr-zuhause<\/a><a href=\"http:\/\/kirche-eldingen.de\/wp-content\/uploads\/2020\/07\/2020-07-12-Predigt-Lk-51-11-5nTrin-f\u00fcr-zuhause.pdf\" class=\"wp-block-file__button\" download>Herunterladen<\/a><\/div>\n","protected":false},"excerpt":{"rendered":"<p>Liebe Gemeinde,<br \/>\ndrei\u00dfig Bewerbungen hat sie geschrieben, zehn kamen mit Absagen zur\u00fcck. Die anderen wurden erst gar nicht beantwortet. Bei drei Vorstellungsgespr\u00e4chen bekamen immer die anderen Bewerberinnen die Zusage. Christina war nach dem wochenlangen Warten und den vielen Absagen deprimiert. Sie hatte sich so angestrengt, flei\u00dfig auf den Realschulabschluss gelernt und dann wirklich einen guten Notendurchschnitt erzielt. Ihr Wunsch, Industriekauffrau, das w\u00e4re genau das Richtige f\u00fcr sie, dachte sie. Aber scheinbar war alles vergebens!&#8230;<\/p>\n","protected":false},"author":2,"featured_media":0,"comment_status":"closed","ping_status":"closed","sticky":false,"template":"","format":"standard","meta":{"footnotes":""},"categories":[1,5],"tags":[],"class_list":["post-327","post","type-post","status-publish","format-standard","hentry","category-allgemein","category-predigt"],"_links":{"self":[{"href":"http:\/\/kirche-eldingen.de\/index.php?rest_route=\/wp\/v2\/posts\/327","targetHints":{"allow":["GET"]}}],"collection":[{"href":"http:\/\/kirche-eldingen.de\/index.php?rest_route=\/wp\/v2\/posts"}],"about":[{"href":"http:\/\/kirche-eldingen.de\/index.php?rest_route=\/wp\/v2\/types\/post"}],"author":[{"embeddable":true,"href":"http:\/\/kirche-eldingen.de\/index.php?rest_route=\/wp\/v2\/users\/2"}],"replies":[{"embeddable":true,"href":"http:\/\/kirche-eldingen.de\/index.php?rest_route=%2Fwp%2Fv2%2Fcomments&post=327"}],"version-history":[{"count":1,"href":"http:\/\/kirche-eldingen.de\/index.php?rest_route=\/wp\/v2\/posts\/327\/revisions"}],"predecessor-version":[{"id":328,"href":"http:\/\/kirche-eldingen.de\/index.php?rest_route=\/wp\/v2\/posts\/327\/revisions\/328"}],"wp:attachment":[{"href":"http:\/\/kirche-eldingen.de\/index.php?rest_route=%2Fwp%2Fv2%2Fmedia&parent=327"}],"wp:term":[{"taxonomy":"category","embeddable":true,"href":"http:\/\/kirche-eldingen.de\/index.php?rest_route=%2Fwp%2Fv2%2Fcategories&post=327"},{"taxonomy":"post_tag","embeddable":true,"href":"http:\/\/kirche-eldingen.de\/index.php?rest_route=%2Fwp%2Fv2%2Ftags&post=327"}],"curies":[{"name":"wp","href":"https:\/\/api.w.org\/{rel}","templated":true}]}}