{"id":266,"date":"2020-05-28T23:31:57","date_gmt":"2020-05-28T21:31:57","guid":{"rendered":"http:\/\/kirche-eldingen.de\/?p=266"},"modified":"2021-02-07T17:40:04","modified_gmt":"2021-02-07T16:40:04","slug":"pfingstbrief-an-seniorinnen-und-senioren-von-pastor-dr-norbert-schwarz","status":"publish","type":"post","link":"http:\/\/kirche-eldingen.de\/?p=266","title":{"rendered":"Pfingstbrief an Seniorinnen und Senioren  von Pastor Dr. Norbert Schwarz"},"content":{"rendered":"\n<h5 class=\"wp-block-heading\">Pfingstbrief an Seniorinnen und Senioren<br>von Pastor Dr. Norbert Schwarz aus Celle, 31. Mai 2020<\/h5>\n\n\n\n<div class=\"wp-block-file\"><a href=\"http:\/\/kirche-eldingen.de\/wp-content\/uploads\/2020\/05\/2020-05-31-Pfingstbrief-Senioren-Pastor-N.-Schwarz.pdf\">Auch als PDF<\/a><a href=\"http:\/\/kirche-eldingen.de\/wp-content\/uploads\/2020\/05\/2020-05-31-Pfingstbrief-Senioren-Pastor-N.-Schwarz.pdf\" class=\"wp-block-file__button\" download>Herunterladen<\/a><\/div>\n\n\n\n<p><strong>Liebe Seniorinnen und Senioren!<\/strong><\/p>\n\n\n\n<p>\u201eWas steht Ihr da und starrt in den Himmel?\u201c \u2013 rei\u00dft eine Stimme sie aus ihren Gedanken. Wehm\u00fctig blicken sie auf. Doch alles, was sie zu sehen bekommen, ist die unendlich blaue Weite. Keine Spur mehr von dem, der eben noch da war. Jesus ist ihren Augen entschwunden.<br>Christi Himmelfahrt lenkt unseren Blick nach oben. Bei den J\u00fcngerinnen und J\u00fcngern hinterl\u00e4sst sie eine Mischung aus Sehnsucht und Schmerz. Nach seiner Auferstehung war Jesus ihnen noch einmal nahegekommen. Zum Greifen nahe. Thomas durfte seinen Finger in seine Wundmale legen. Es war jedoch klar: Diese Zeit wird nicht von Dauer sein. Die Stunde des Abschieds wird kommen. Zwischen ihm und den Seinen. Jesus kehrt zur\u00fcck zu Gott.<strong><br><\/strong>Der Schmerz des Abschieds ist uns heute n\u00e4her denn je. Hinterm Fenster haftet ein trauriger Blick. Ihre Tochter steht unten und winkt noch einmal hoch. Dann wendet sie sich um und verschwindet Richtung Parkplatz. Viel zu kurz war diese Stunde. N\u00e4herkommen konnten sie sich nicht. Nur \u00fcber die Reling des Balkons durften sie sich unterhalten. H\u00f6ren, wie es den Enkeln geht.<\/p>\n\n\n\n<p>10 Tage liegen zwischen Himmelfahrt und Pfingsten. 10 Tage zwischen Abschied und Neunanfang. Im Moment des Abschiedes h\u00e4tten Sie es sich nicht tr\u00e4umen lassen: Wie auf einmal alles in Bewegung ger\u00e4t. Ihr Herz sch\u00e4umt \u00fcber vor Freude. Ihnen ist danach, Fenster und T\u00fcren aufzurei\u00dfen. Allen, die drau\u00dfen sind, wollen sie erz\u00e4hlen, was sie erlebt haben. Sie wollen am liebsten die ganze Welt umarmen. Die Bedr\u00fcckung, die sie sp\u00fcrten, ist der Weitung ihres Herzens gewichen.<br>\u201eIhr werdet die Kraft des Heiligen Geistes empfangen,\u201c sagte Jesus beim Abschied. Der Weg, den seine J\u00fcngerinnen und J\u00fcnger zwischen Himmelfahrt und Pfingsten gegangen sind, zeigt uns: Aus Schmerz kann Neues entstehen. Jesus entschwindet ihren Augen. Aber er kommt ihnen auf neue Weise nahe: \u201eIhr, die Ihr mir jetzt nicht mehr nahe sein k\u00f6nnt, die Ihr mich nicht einmal mehr sehen k\u00f6nnt \u2013 Ihr werdet die Kraft meines Geistes empfangen. Ihr werdet f\u00fcr mich einstehen und ich werde bei Euch sein!\u201c<\/p>\n\n\n\n<p>Anstatt auf den Horizont zu starren, lenkt Jesus den Blick nach innen. Ins Herz. Dort bewahren wir alles auf, was uns lieb und teuer ist. Wie in einem Schatzk\u00e4stchen. Je stiller es um uns ist, umso kostbarer die Erinnerungen. An erf\u00fcllte Momente. An Begegnungen, die uns gepr\u00e4gt haben. An Menschen, die wir liebgewonnen haben, oder die uns beh\u00fctet haben. Im Geist sind sie lebendig. Wir k\u00f6nnen sie hervorholen und dar\u00fcber staunen. Das Herz kann zum Ort werden, wo Himmel und Erde sich ber\u00fchren. Wo die Mauer zwischen Vergangenheit und Gegenwart zerbricht.<\/p>\n\n\n\n<p>\u201eStellen Sie sich vor, gestern war meine Tochter da,\u201c begr\u00fc\u00dft die alte Dame am n\u00e4chsten Morgen den Pfleger. \u201eSie durfte zwar nicht hinein, aber \u00fcber den Balkon haben wir uns unterhalten. Meine Enkeltochter hat ihren ersten Milchzahn bekommen!\u201c \u2013 ein Strahlen f\u00e4hrt \u00fcber ihr Gesicht.<\/p>\n\n\n\n<p>\u201eIch will euch wiedersehen, und euer Herz soll sich freuen, und eure Freude soll niemand von euch nehmen,\u201c sagt Jesus. W\u00e4hrend sie sich an ihn erinnern, lodert in den Herzen seiner J\u00fcngerinnen und J\u00fcnger das Pfingstfeuer auf. Die Hoffnung auf das Wiedersehen mit ihm verbindet sie. Und sie verbindet uns. Durch Absperrungen hindurch und \u00fcber Raum und Zeit hinweg. Die Zeilen und die Melodie eines Pfingstliedes kommen mir in den Sinn:<br><br>\u201eZ\u00fcnde an dein Feuer, Herr, im Herzen mir,<br>hell m\u00f6g\u2018 es brennen, lieber Heiland, dir.<br>Was ich bin und habe, soll dein Eigen sein.<br>In deine H\u00e4nde schlie\u00dfe fest mich ein.<br>Quelle des Lebens und der Freude Quell,<br>du machst das Dunkel meiner Seele hell.<br>Du h\u00f6rst mein Beten, hilfst aus aller Not,<br>Jesus, mein Heiland, mein Herr und Gott.\u201c<br><strong><br>Im Namen der Evangelisch-lutherischen Kirche in Celle w\u00fcnsche ich Ihnen ein frohes Pfingstfest. Bleiben Sie beh\u00fctet!<br>Es gr\u00fc\u00dft Sie herzlich, Ihr<br><\/strong><br>Norbert Schwarz<br>Pastor im Ev.-luth. Kirchenkreis Celle<\/p>\n","protected":false},"excerpt":{"rendered":"<p>\u201eWas steht Ihr da und starrt in den Himmel?\u201c \u2013 rei\u00dft eine Stimme sie aus ihren Gedanken. Wehm\u00fctig blicken sie auf. Doch alles, was sie zu sehen bekommen, ist die unendlich blaue Weite. Keine Spur mehr von dem, der eben noch da war. [&#8230;]<\/p>\n","protected":false},"author":1,"featured_media":0,"comment_status":"closed","ping_status":"closed","sticky":false,"template":"","format":"standard","meta":{"footnotes":""},"categories":[1,5],"tags":[],"class_list":["post-266","post","type-post","status-publish","format-standard","hentry","category-allgemein","category-predigt"],"_links":{"self":[{"href":"http:\/\/kirche-eldingen.de\/index.php?rest_route=\/wp\/v2\/posts\/266","targetHints":{"allow":["GET"]}}],"collection":[{"href":"http:\/\/kirche-eldingen.de\/index.php?rest_route=\/wp\/v2\/posts"}],"about":[{"href":"http:\/\/kirche-eldingen.de\/index.php?rest_route=\/wp\/v2\/types\/post"}],"author":[{"embeddable":true,"href":"http:\/\/kirche-eldingen.de\/index.php?rest_route=\/wp\/v2\/users\/1"}],"replies":[{"embeddable":true,"href":"http:\/\/kirche-eldingen.de\/index.php?rest_route=%2Fwp%2Fv2%2Fcomments&post=266"}],"version-history":[{"count":4,"href":"http:\/\/kirche-eldingen.de\/index.php?rest_route=\/wp\/v2\/posts\/266\/revisions"}],"predecessor-version":[{"id":291,"href":"http:\/\/kirche-eldingen.de\/index.php?rest_route=\/wp\/v2\/posts\/266\/revisions\/291"}],"wp:attachment":[{"href":"http:\/\/kirche-eldingen.de\/index.php?rest_route=%2Fwp%2Fv2%2Fmedia&parent=266"}],"wp:term":[{"taxonomy":"category","embeddable":true,"href":"http:\/\/kirche-eldingen.de\/index.php?rest_route=%2Fwp%2Fv2%2Fcategories&post=266"},{"taxonomy":"post_tag","embeddable":true,"href":"http:\/\/kirche-eldingen.de\/index.php?rest_route=%2Fwp%2Fv2%2Ftags&post=266"}],"curies":[{"name":"wp","href":"https:\/\/api.w.org\/{rel}","templated":true}]}}